{"id":3335,"date":"2019-11-29T16:21:45","date_gmt":"2019-11-29T15:21:45","guid":{"rendered":"http:\/\/regeszet.bibl.u-szeged.hu\/?p=3335"},"modified":"2022-03-20T21:09:01","modified_gmt":"2022-03-20T20:09:01","slug":"kulcsar-valeria-eloadasa-csongradon","status":"publish","type":"post","link":"https:\/\/regeszet.bibl.u-szeged.hu\/index.php\/2019\/11\/29\/kulcsar-valeria-eloadasa-csongradon\/","title":{"rendered":"Kulcs\u00e1r Val\u00e9ria el\u0151ad\u00e1sa Csongr\u00e1don"},"content":{"rendered":"<p><a href=\"http:\/\/regeszet.bibl.u-szeged.hu\/wp-content\/uploads\/2019\/12\/Kucs\u00e1r-Val\u00e9ria-el\u0151ad\u00e1sa_1.jpg\"><img loading=\"lazy\" decoding=\"async\" class=\"alignright wp-image-3336\" src=\"http:\/\/regeszet.bibl.u-szeged.hu\/wp-content\/uploads\/2019\/12\/Kucs\u00e1r-Val\u00e9ria-el\u0151ad\u00e1sa_1.jpg\" alt=\"\" width=\"300\" height=\"225\" \/><\/a><\/p>\n<p>Tansz\u00e9k\u00fcnk munkat\u00e1rsa, Kulcs\u00e1r Val\u00e9ria <em>Sztyeppei n\u00e9pek az Alf\u00f6ld\u00f6n<\/em> c\u00edmmel tartott el\u0151ad\u00e1st 2019. november 18-\u00e1n a <a href=\"http:\/\/www.konyvtar.csongrad.hu\/\" target=\"_blank\" rel=\"noopener noreferrer\">Csemegi K\u00e1roly K\u00f6nyvt\u00e1rban<\/a>.<\/p>\n<p>&nbsp;<\/p>\n<p>&nbsp;<\/p>\n<p><img loading=\"lazy\" decoding=\"async\" class=\"alignleft wp-image-2232\" src=\"http:\/\/regeszet.bibl.u-szeged.hu\/wp-content\/uploads\/2018\/04\/DelRegEgy_logo.jpg\" alt=\"\" width=\"100\" height=\"100\" \/><\/p>\n<p>&nbsp;<\/p>\n<p>A rendezv\u00e9ny a D\u00e9l-alf\u00f6ldi R\u00e9g\u00e9szeti Egylet t\u00e1mogat\u00e1s\u00e1val val\u00f3sult meg.<\/p>\n<p>&nbsp;<\/p>\n<p><!--more--><\/p>\n<p><a href=\"http:\/\/regeszet.bibl.u-szeged.hu\/wp-content\/uploads\/2019\/12\/Kucs\u00e1r-Val\u00e9ria-el\u0151ad\u00e1sa_2.jpg\"><img loading=\"lazy\" decoding=\"async\" class=\"aligncenter wp-image-3337\" src=\"http:\/\/regeszet.bibl.u-szeged.hu\/wp-content\/uploads\/2019\/12\/Kucs\u00e1r-Val\u00e9ria-el\u0151ad\u00e1sa_2.jpg\" alt=\"\" width=\"500\" height=\"375\" \/><\/a><\/p>\n","protected":false},"excerpt":{"rendered":"<p>Tansz\u00e9k\u00fcnk munkat\u00e1rsa, Kulcs\u00e1r Val\u00e9ria Sztyeppei n\u00e9pek az Alf\u00f6ld\u00f6n c\u00edmmel tartott el\u0151ad\u00e1st 2019. november 18-\u00e1n a Csemegi K\u00e1roly K\u00f6nyvt\u00e1rban.<\/p>\n","protected":false},"author":1,"featured_media":0,"comment_status":"closed","ping_status":"closed","sticky":false,"template":"","format":"standard","meta":{"footnotes":""},"categories":[11],"tags":[215,216,24,30,214],"class_list":["post-3335","post","type-post","status-publish","format-standard","hentry","category-eloadas","tag-csemegi-karoly-konyvtar","tag-csongrad","tag-eloadas","tag-kulcsar-valeria","tag-sztyeppei-nepek"],"_links":{"self":[{"href":"https:\/\/regeszet.bibl.u-szeged.hu\/index.php\/wp-json\/wp\/v2\/posts\/3335","targetHints":{"allow":["GET"]}}],"collection":[{"href":"https:\/\/regeszet.bibl.u-szeged.hu\/index.php\/wp-json\/wp\/v2\/posts"}],"about":[{"href":"https:\/\/regeszet.bibl.u-szeged.hu\/index.php\/wp-json\/wp\/v2\/types\/post"}],"author":[{"embeddable":true,"href":"https:\/\/regeszet.bibl.u-szeged.hu\/index.php\/wp-json\/wp\/v2\/users\/1"}],"replies":[{"embeddable":true,"href":"https:\/\/regeszet.bibl.u-szeged.hu\/index.php\/wp-json\/wp\/v2\/comments?post=3335"}],"version-history":[{"count":3,"href":"https:\/\/regeszet.bibl.u-szeged.hu\/index.php\/wp-json\/wp\/v2\/posts\/3335\/revisions"}],"predecessor-version":[{"id":4736,"href":"https:\/\/regeszet.bibl.u-szeged.hu\/index.php\/wp-json\/wp\/v2\/posts\/3335\/revisions\/4736"}],"wp:attachment":[{"href":"https:\/\/regeszet.bibl.u-szeged.hu\/index.php\/wp-json\/wp\/v2\/media?parent=3335"}],"wp:term":[{"taxonomy":"category","embeddable":true,"href":"https:\/\/regeszet.bibl.u-szeged.hu\/index.php\/wp-json\/wp\/v2\/categories?post=3335"},{"taxonomy":"post_tag","embeddable":true,"href":"https:\/\/regeszet.bibl.u-szeged.hu\/index.php\/wp-json\/wp\/v2\/tags?post=3335"}],"curies":[{"name":"wp","href":"https:\/\/api.w.org\/{rel}","templated":true}]}}