{"id":3594,"date":"2020-10-02T09:06:24","date_gmt":"2020-10-02T07:06:24","guid":{"rendered":"http:\/\/regeszet.bibl.u-szeged.hu\/?p=3594"},"modified":"2020-10-05T09:46:35","modified_gmt":"2020-10-05T07:46:35","slug":"wolf-maria-es-toth-csaba-eloadasa-az-elte-n","status":"publish","type":"post","link":"https:\/\/regeszet.bibl.u-szeged.hu\/index.php\/2020\/10\/02\/wolf-maria-es-toth-csaba-eloadasa-az-elte-n\/","title":{"rendered":"Wolf M\u00e1ria \u00e9s T\u00f3th Csaba el\u0151ad\u00e1sa az ELTE-n"},"content":{"rendered":"<p><a href=\"http:\/\/regeszet.bibl.u-szeged.hu\/wp-content\/uploads\/2020\/10\/T\u00f3th-Csaba-\u00e9s-Wolf-M\u00e1ria-el\u0151ad\u00e1sa.jpg\"><img loading=\"lazy\" decoding=\"async\" class=\"alignright wp-image-3595\" src=\"http:\/\/regeszet.bibl.u-szeged.hu\/wp-content\/uploads\/2020\/10\/T\u00f3th-Csaba-\u00e9s-Wolf-M\u00e1ria-el\u0151ad\u00e1sa.jpg\" alt=\"\" width=\"300\" height=\"212\" \/><\/a>Tansz\u00e9k\u00fcnk munkat\u00e1rsa, Wolf M\u00e1ria T\u00f3th Csab\u00e1val k\u00f6z\u00f6sen tartott el\u0151ad\u00e1st\u00a0\u00a0<em>Arany sz\u00e1llal sz\u0151ve, kend\u0151be rejtve: Tat\u00e1rj\u00e1r\u00e1s kori kincslelet az aba\u00fajv\u00e1ri isp\u00e1ni v\u00e1rb\u00f3l<\/em> c\u00edmmel.<\/p>\n<p><!--more-->Az el\u0151ad\u00e1sra <em>A tat\u00e1rj\u00e1r\u00e1sr\u00f3l sok szemmel: r\u00e9gi k\u00e9rd\u00e9sek, \u00faj v\u00e1laszok<\/em> c\u00edm\u0171 tudom\u00e1nyos ismeretterjeszt\u0151 el\u0151ad\u00e1ssorozat keret\u00e9ben ker\u00fclt sor 2020. okt\u00f3ber 1-\u00e9n, az ELTE-n.<\/p>\n<p><a href=\"https:\/\/www.facebook.com\/TatarjarasNKFI\/videos\/669761167000822\" target=\"_blank\" rel=\"noopener noreferrer\">Wolf M\u00e1ria \u00e9s T\u00f3th Csaba el\u0151ad\u00e1sa ide kattintva visszan\u00e9zhet\u0151<\/a><\/p>\n<p>Az el\u0151ad\u00e1ssorozattal kapcsolatban a projekt <a href=\"http:\/\/tatarjaras1241.elte.hu\/?fbclid=IwAR2zDvhH7mkaBFSCejDPEA0XxEbzowTLVOj9tJh0Z6GbPxb_krKnszDzoBY\" target=\"_blank\" rel=\"noopener noreferrer\">weboldal\u00e1n<\/a>, valamint <a href=\"https:\/\/www.facebook.com\/TatarjarasNKFI\/\" target=\"_blank\" rel=\"noopener noreferrer\">Facebook oldal\u00e1n<\/a> tal\u00e1lhat tov\u00e1bbi inform\u00e1ci\u00f3kat.<\/p>\n","protected":false},"excerpt":{"rendered":"<p>Tansz\u00e9k\u00fcnk munkat\u00e1rsa, Wolf M\u00e1ria T\u00f3th Csab\u00e1val k\u00f6z\u00f6sen tartott el\u0151ad\u00e1st az aba\u00fajv\u00e1ri kincsleletr\u0151l 2020. okt\u00f3ber 1-j\u00e9n.<\/p>\n","protected":false},"author":1,"featured_media":0,"comment_status":"closed","ping_status":"closed","sticky":false,"template":"","format":"standard","meta":{"footnotes":""},"categories":[11],"tags":[295,294,125,212,293,292,159,291,84,290,74],"class_list":["post-3594","post","type-post","status-publish","format-standard","hentry","category-eloadas","tag-295","tag-a-tatarjarasrol-sok-szemmel","tag-abaujvar","tag-budapest","tag-eloadassorozat","tag-elodas","tag-elte","tag-kincslelet","tag-tatarjaras","tag-toth-csaba","tag-wolf-maria"],"_links":{"self":[{"href":"https:\/\/regeszet.bibl.u-szeged.hu\/index.php\/wp-json\/wp\/v2\/posts\/3594","targetHints":{"allow":["GET"]}}],"collection":[{"href":"https:\/\/regeszet.bibl.u-szeged.hu\/index.php\/wp-json\/wp\/v2\/posts"}],"about":[{"href":"https:\/\/regeszet.bibl.u-szeged.hu\/index.php\/wp-json\/wp\/v2\/types\/post"}],"author":[{"embeddable":true,"href":"https:\/\/regeszet.bibl.u-szeged.hu\/index.php\/wp-json\/wp\/v2\/users\/1"}],"replies":[{"embeddable":true,"href":"https:\/\/regeszet.bibl.u-szeged.hu\/index.php\/wp-json\/wp\/v2\/comments?post=3594"}],"version-history":[{"count":1,"href":"https:\/\/regeszet.bibl.u-szeged.hu\/index.php\/wp-json\/wp\/v2\/posts\/3594\/revisions"}],"predecessor-version":[{"id":3596,"href":"https:\/\/regeszet.bibl.u-szeged.hu\/index.php\/wp-json\/wp\/v2\/posts\/3594\/revisions\/3596"}],"wp:attachment":[{"href":"https:\/\/regeszet.bibl.u-szeged.hu\/index.php\/wp-json\/wp\/v2\/media?parent=3594"}],"wp:term":[{"taxonomy":"category","embeddable":true,"href":"https:\/\/regeszet.bibl.u-szeged.hu\/index.php\/wp-json\/wp\/v2\/categories?post=3594"},{"taxonomy":"post_tag","embeddable":true,"href":"https:\/\/regeszet.bibl.u-szeged.hu\/index.php\/wp-json\/wp\/v2\/tags?post=3594"}],"curies":[{"name":"wp","href":"https:\/\/api.w.org\/{rel}","templated":true}]}}